{"id":396,"date":"2017-03-13T14:46:22","date_gmt":"2017-03-13T12:46:22","guid":{"rendered":"http:\/\/www.csav.be\/?p=396"},"modified":"2019-12-20T12:05:51","modified_gmt":"2019-12-20T10:05:51","slug":"brocante-dans-le-quartier-de-labattoir","status":"publish","type":"post","link":"http:\/\/www.csav.be\/?p=396","title":{"rendered":"Brocante dans le quartier de l&#8217;Abattoir !"},"content":{"rendered":"<p style=\"text-align: center;\"><span style=\"color: #008000;\">Chers habitants du quartier de l&#8217;Abattoir et habitants vervi\u00e9tois,<\/span><\/p>\n<p><span style=\"color: #008000;\">Bloqu\u00e9 vos agendas, il y aura \u00a0<span style=\"color: #00ff00;\"><strong>&#8221;Le Conso&#8217;Mango festival&#8221;<\/strong><\/span> le <strong><span style=\"color: #00ff00;\">Samedi 20 Mai<\/span> <\/strong>2017 !\u00a0<\/span><\/p>\n<p><span style=\"color: #008000;\">Plusieurs activit\u00e9s seront pr\u00e9vues pour les enfants, les adolescents, les adultes et les familles !!!\u00a0<\/span><\/p>\n<p><span style=\"color: #008000;\"><span style=\"color: #00ff00;\">Au programme:<\/span> brocante, jeux, concerts, d\u00e9gustations de diff\u00e9rents produits et plein d&#8217;autres d\u00e9couvertes !!<\/span><\/p>\n<hr \/>\n<p style=\"text-align: center;\"><strong><span style=\"color: #ff6600;\">Pour les habitants du quartier de l&#8217;Abattoir :<\/span><\/strong><\/p>\n<p><span style=\"color: #993300;\">Vous voulez<span style=\"color: #ff6600;\"> tenir un stand<\/span> gratuitement \u00e0 notre <span style=\"color: #ff6600;\">brocante<\/span> du 20 mai, Place de l&#8217;abattoir ?<\/span><\/p>\n<p><span style=\"color: #993300;\">Vous voulez des<span style=\"color: #ff6600;\"> renseignements<\/span> sur un festival qui va avoir lieu sur l&#8217;espace Bauwens?<\/span><\/p>\n<p><span style=\"color: #993300;\">Vous voulez<span style=\"color: #ff6600;\"> participer \u00e0 un go\u00fbter<\/span> entre voisins o\u00f9 chacun <span style=\"color: #ff6600;\">partage sa sp\u00e9cialit\u00e9<\/span>?<\/span><\/p>\n<p><span style=\"color: #ff0000;\">Pour plus de renseignements:<\/span><\/p>\n<p><span style=\"color: #993300;\"><em>o\u00f9:<\/em> A la<strong><span style=\"color: #ff6600;\"> r\u00e9gie de quartier<\/span><\/strong>, rue courte du pont 20.<\/span><\/p>\n<p><span style=\"color: #993300;\"><em>Quand:<\/em> tous les matins de<span style=\"color: #ff6600;\"> 9h \u00e0 10h30<\/span> et les mercredis de <span style=\"color: #ff6600;\">14h \u00e0 16h. <\/span><\/span><\/p>\n<p><span style=\"color: #993300;\"><em>Date limite:<\/em> les <span style=\"color: #ff6600;\">inscriptions se cl\u00f4turent le 17 mars<\/span>. Une <span style=\"color: #ff6600;\">caution de 5 euros<\/span> vous sera demand\u00e9e pour valider l&#8217;inscription (rendue le jour de l&#8217;\u00e9v\u00e8nement).\u00a0<\/span><\/p>\n<p><span style=\"color: #ff0000;\">Attention les places sont limit\u00e9es.\u00a0<\/span><\/p>\n<p><span style=\"color: #993300;\">Parlez-en \u00e0 vos voisins !\u00a0<\/span><\/p>\n","protected":false},"excerpt":{"rendered":"<p>Chers habitants du quartier de l&#8217;Abattoir et habitants vervi\u00e9tois, Bloqu\u00e9 vos agendas, il y aura [&hellip;]<\/p>\n","protected":false},"author":1,"featured_media":0,"comment_status":"closed","ping_status":"open","sticky":false,"template":"","format":"standard","meta":[],"categories":[1],"tags":[],"_links":{"self":[{"href":"http:\/\/www.csav.be\/index.php?rest_route=\/wp\/v2\/posts\/396"}],"collection":[{"href":"http:\/\/www.csav.be\/index.php?rest_route=\/wp\/v2\/posts"}],"about":[{"href":"http:\/\/www.csav.be\/index.php?rest_route=\/wp\/v2\/types\/post"}],"author":[{"embeddable":true,"href":"http:\/\/www.csav.be\/index.php?rest_route=\/wp\/v2\/users\/1"}],"replies":[{"embeddable":true,"href":"http:\/\/www.csav.be\/index.php?rest_route=%2Fwp%2Fv2%2Fcomments&post=396"}],"version-history":[{"count":3,"href":"http:\/\/www.csav.be\/index.php?rest_route=\/wp\/v2\/posts\/396\/revisions"}],"predecessor-version":[{"id":457,"href":"http:\/\/www.csav.be\/index.php?rest_route=\/wp\/v2\/posts\/396\/revisions\/457"}],"wp:attachment":[{"href":"http:\/\/www.csav.be\/index.php?rest_route=%2Fwp%2Fv2%2Fmedia&parent=396"}],"wp:term":[{"taxonomy":"category","embeddable":true,"href":"http:\/\/www.csav.be\/index.php?rest_route=%2Fwp%2Fv2%2Fcategories&post=396"},{"taxonomy":"post_tag","embeddable":true,"href":"http:\/\/www.csav.be\/index.php?rest_route=%2Fwp%2Fv2%2Ftags&post=396"}],"curies":[{"name":"wp","href":"https:\/\/api.w.org\/{rel}","templated":true}]}}