{"id":549,"date":"2018-01-08T15:45:25","date_gmt":"2018-01-08T13:45:25","guid":{"rendered":"http:\/\/www.csav.be\/?p=549"},"modified":"2018-03-02T18:56:56","modified_gmt":"2018-03-02T16:56:56","slug":"549","status":"publish","type":"post","link":"http:\/\/www.csav.be\/?p=549","title":{"rendered":"Les CSA f\u00eatent ses 50 ans !"},"content":{"rendered":"<p>Cette ann\u00e9e<span style=\"color: #ff0000;\"> 2018<\/span> sera rythm\u00e9e par plusieurs <span style=\"color: #3366ff;\">\u00e9v\u00e9nements<\/span> pour <span style=\"color: #ff9900;\">f\u00eater<\/span> les<span style=\"color: #99cc00;\"> 50 ans<\/span> de l&#8217;ASBL <span style=\"color: #ff0000;\">C<span style=\"color: #ffff00;\">S<span style=\"color: #0000ff;\">A<\/span><\/span><\/span>\u00a0! Sur ce site, vous pourrez suivre l&#8217;actualit\u00e9 de ceux-ci !<\/p>\n<p>Voici quelques informations :<\/p>\n<p>&#8211;<strong><span style=\"color: #3366ff;\">\u00a0<\/span><\/strong><span style=\"color: #3366ff;\"><span style=\"color: #000000;\">Le<\/span><\/span><strong><span style=\"color: #3366ff;\"> mercredi 28 f\u00e9vrier :<\/span><span style=\"color: #00ff00;\">\u00a0Conf\u00e9rence de presse<\/span><\/strong>\u00a0pour annoncer officiellement les \u00e9v\u00e9nements, dans les locaux des CSA.<\/p>\n<p>&#8211; Le<strong><span style=\"color: #3366ff;\">\u00a0vendredi 9 , samedi 10 et dimanche 11 mars<\/span><\/strong> : <strong><span style=\"color: #00ff00;\">B<\/span><span style=\"color: #00ff00;\"><strong>o<\/strong>urse aux livres\u00a0<\/span><\/strong>organis\u00e9e par le Kiwanis.<\/p>\n<p>Vous aimez lire ? Vous \u00eates \u00e0 la recherche de livres d\u2019occasion ? Vous \u00eates collectionneur? Vous cherchez de la lecture pour vos prochaines vacances ?<br \/>\nLa foire aux livres du Kiwanis Club Jalhay Hautes Fagnes est faite pour vous !<br \/>\nLe week-end du 9 au 11 mars 2018 \u00e0 Verviers, plus de 15 000 livres d\u2019occasion seront mis en vente au profit de l\u2019Enfance d\u00e9favoris\u00e9e, et plus sp\u00e9cifiquement des Chaines de Service et d\u2019Amiti\u00e9 de Verviers.<br \/>\nRomans (litt\u00e9rature), polars et livres de poche class\u00e9s par ordre alphab\u00e9tique de l\u2019auteur, histoire, g\u00e9ographie, art, soci\u00e9t\u00e9, voyages, sciences, animaux, botanique, dictionnaires, encyclop\u00e9dies, livres anciens, livres pour enfants, bandes dessin\u00e9es,etc, class\u00e9s en 50 cat\u00e9gories, vous trouverez tout ce que vous cherchez lors de cette foire aux livres !<\/p>\n<p>Les livres seront en vente \u00e0 partir de un euro, vous pourrez repartir avec plus de dix livres pour le prix d\u2019un roman neuf\u2026<\/p>\n<p>Entr\u00e9e libre, possibilit\u00e9 de se d\u00e9salt\u00e9rer sur place.<\/p>\n<p><a href=\"http:\/\/www.csav.be\/wp-content\/uploads\/2018\/01\/affiche_A31.png\"><img decoding=\"async\" loading=\"lazy\" class=\"alignnone size-medium wp-image-593\" src=\"http:\/\/www.csav.be\/wp-content\/uploads\/2018\/01\/affiche_A31-213x300.png\" alt=\"\" width=\"213\" height=\"300\" srcset=\"http:\/\/www.csav.be\/wp-content\/uploads\/2018\/01\/affiche_A31-213x300.png 213w, http:\/\/www.csav.be\/wp-content\/uploads\/2018\/01\/affiche_A31-768x1084.png 768w, http:\/\/www.csav.be\/wp-content\/uploads\/2018\/01\/affiche_A31-726x1024.png 726w, http:\/\/www.csav.be\/wp-content\/uploads\/2018\/01\/affiche_A31.png 1272w\" sizes=\"(max-width: 213px) 100vw, 213px\" \/><\/a><\/p>\n<p><a href=\"https:\/\/www.facebook.com\/events\/435215020230799\/\">https:\/\/www.facebook.com\/events\/435215020230799\/<\/a><\/p>\n<p>Site du Kiwanis :\u00a0<a href=\"http:\/\/kc-jhf.be\/\">http:\/\/kc-jhf.be\/<\/a><\/p>\n<div class=\"text_exposed_show\">\n<p>&#8211; Le <strong><span style=\"color: #3366ff;\">samedi\u00a0<\/span><span style=\"color: #3366ff;\"><strong>2<\/strong> Juin<\/span><\/strong> : <strong><span style=\"color: #00ff00;\">Blind Test<\/span><\/strong>\u00a0organis\u00e9 par le Kiwanis, ainsi qu&#8217;un repas payant.<\/p>\n<p><a href=\"http:\/\/www.csav.be\/wp-content\/uploads\/2018\/01\/blind2018-768x545.png\"><img decoding=\"async\" loading=\"lazy\" class=\"alignnone size-medium wp-image-675\" src=\"http:\/\/www.csav.be\/wp-content\/uploads\/2018\/01\/blind2018-768x545-300x213.png\" alt=\"\" width=\"300\" height=\"213\" srcset=\"http:\/\/www.csav.be\/wp-content\/uploads\/2018\/01\/blind2018-768x545-300x213.png 300w, http:\/\/www.csav.be\/wp-content\/uploads\/2018\/01\/blind2018-768x545.png 768w\" sizes=\"(max-width: 300px) 100vw, 300px\" \/><\/a><\/p>\n<p>&#8211; Le <strong><span style=\"color: #3366ff;\">samedi<\/span><\/strong>\u00a0<strong><span style=\"color: #3366ff;\">22 septembre<\/span><\/strong> : <strong><span style=\"color: #00ff00;\">Conf\u00e9rence <\/span><\/strong>sur le th\u00e8me de &lt;&lt;\u00a0<strong>la pauvret\u00e9 et la pr\u00e9carit\u00e9 &gt;&gt;<\/strong>. Des intervenants seront invit\u00e9s.<\/p>\n<p>&#8211; Le <strong><span style=\"color: #3366ff;\">s<\/span><span style=\"color: #3366ff;\">amedi 20 octobre<\/span><\/strong> : <strong><span style=\"color: #00ff00;\">S<\/span><span style=\"color: #00ff00;\">pectacle et go\u00fbter<\/span><\/strong> festifs seront organis\u00e9s.<\/p>\n<p>&#8211; Le <strong><span style=\"color: #3366ff;\">samedi\u00a0<\/span><span style=\"color: #3366ff;\"><strong>1<\/strong>7 Novembre<\/span><\/strong>: <span style=\"color: #00ff00;\">S<\/span><strong><span style=\"color: #00ff00;\">ouper convivial<\/span> <\/strong>aura lieu pour les <strong><span style=\"color: #00ff00;\">b\u00e9n\u00e9voles<\/span><\/strong> qui ont permis aux CSA d&#8217;exister.<\/p>\n<p>Des informations compl\u00e9mentaires suivront&#8230;<\/p>\n<p>A vos agendas !\u00a0<span class=\"_5mfr _47e3\"><img decoding=\"async\" loading=\"lazy\" class=\"img\" role=\"presentation\" src=\"https:\/\/static.xx.fbcdn.net\/images\/emoji.php\/v9\/f57\/1\/16\/1f609.png\" alt=\"\" width=\"16\" height=\"16\" \/><\/span><\/p>\n<\/div>\n<p>&nbsp;<\/p>\n<p><a href=\"http:\/\/www.csav.be\/wp-content\/uploads\/2017\/07\/50ANS.jpg\"><img decoding=\"async\" loading=\"lazy\" class=\"alignnone size-medium wp-image-548\" src=\"http:\/\/www.csav.be\/wp-content\/uploads\/2017\/07\/50ANS-300x161.jpg\" alt=\"\" width=\"300\" height=\"161\" srcset=\"http:\/\/www.csav.be\/wp-content\/uploads\/2017\/07\/50ANS-300x161.jpg 300w, http:\/\/www.csav.be\/wp-content\/uploads\/2017\/07\/50ANS-768x412.jpg 768w, http:\/\/www.csav.be\/wp-content\/uploads\/2017\/07\/50ANS-1024x549.jpg 1024w\" sizes=\"(max-width: 300px) 100vw, 300px\" \/><\/a><\/p>\n","protected":false},"excerpt":{"rendered":"<p>Cette ann\u00e9e 2018 sera rythm\u00e9e par plusieurs \u00e9v\u00e9nements pour f\u00eater les 50 ans de l&#8217;ASBL [&hellip;]<\/p>\n","protected":false},"author":1,"featured_media":0,"comment_status":"open","ping_status":"open","sticky":false,"template":"","format":"standard","meta":[],"categories":[1],"tags":[],"_links":{"self":[{"href":"http:\/\/www.csav.be\/index.php?rest_route=\/wp\/v2\/posts\/549"}],"collection":[{"href":"http:\/\/www.csav.be\/index.php?rest_route=\/wp\/v2\/posts"}],"about":[{"href":"http:\/\/www.csav.be\/index.php?rest_route=\/wp\/v2\/types\/post"}],"author":[{"embeddable":true,"href":"http:\/\/www.csav.be\/index.php?rest_route=\/wp\/v2\/users\/1"}],"replies":[{"embeddable":true,"href":"http:\/\/www.csav.be\/index.php?rest_route=%2Fwp%2Fv2%2Fcomments&post=549"}],"version-history":[{"count":19,"href":"http:\/\/www.csav.be\/index.php?rest_route=\/wp\/v2\/posts\/549\/revisions"}],"predecessor-version":[{"id":676,"href":"http:\/\/www.csav.be\/index.php?rest_route=\/wp\/v2\/posts\/549\/revisions\/676"}],"wp:attachment":[{"href":"http:\/\/www.csav.be\/index.php?rest_route=%2Fwp%2Fv2%2Fmedia&parent=549"}],"wp:term":[{"taxonomy":"category","embeddable":true,"href":"http:\/\/www.csav.be\/index.php?rest_route=%2Fwp%2Fv2%2Fcategories&post=549"},{"taxonomy":"post_tag","embeddable":true,"href":"http:\/\/www.csav.be\/index.php?rest_route=%2Fwp%2Fv2%2Ftags&post=549"}],"curies":[{"name":"wp","href":"https:\/\/api.w.org\/{rel}","templated":true}]}}